{"id":784,"date":"2022-03-10T21:36:07","date_gmt":"2022-03-10T20:36:07","guid":{"rendered":"https:\/\/www.mattrybansky.com\/?p=784"},"modified":"2022-03-11T21:53:08","modified_gmt":"2022-03-11T20:53:08","slug":"profesionalna-vizaz-ano-ci-nie","status":"publish","type":"post","link":"https:\/\/www.mattrybansky.com\/en\/blog\/2022\/03\/10\/profesionalna-vizaz-ano-ci-nie\/","title":{"rendered":"Profesion\u00e1lna viz\u00e1\u017e &#8211; \u00e1no \u010di nie?"},"content":{"rendered":"\n<p>Profesion\u00e1lna viz\u00e1\u017e je invest\u00edcia naviac, s\u00fa v\u0161ak fotenia, kedy sa naozaj oplat\u00ed. <\/p>\n\n\n\n<p>Kedy viz\u00e1\u017eistku zavola\u0165 na fotenie? <\/p>\n\n\n\n<p><\/p>\n\n\n\n<p><strong>Viz\u00e1\u017e si zabezpe\u010dte v\u017edy, pokia\u013e v\u00e1s fotografie bud\u00fa verejne prezentova\u0165 a pom\u00e1ha\u0165, aby ste z\u00edskali svojich z\u00e1kazn\u00edkov. Profesion\u00e1lna viz\u00e1\u017e v\u00e1m pom\u00f4\u017ee p\u00f4sobi\u0165 pr\u00edjemn\u00fdm a elegantn\u00fdm dojmom a plat\u00ed tu rovnak\u00e9 pravidlo ako pri produkte &#8211; obal pred\u00e1va. \ud83d\ude42 <\/strong><\/p>\n\n\n\n<p><\/p>\n\n\n\n<div class=\"wp-block-image\"><figure class=\"aligncenter size-large\"><img decoding=\"async\" loading=\"lazy\" width=\"683\" height=\"1024\" src=\"https:\/\/www.mattrybansky.com\/wp-content\/uploads\/2022\/03\/Matt_Rybansky_Photography_Fotograf_Bratislava_biznis_business_firemny_portret_35-683x1024.jpg\" alt=\"\" class=\"wp-image-507\" srcset=\"https:\/\/www.mattrybansky.com\/en\/wp-content\/uploads\/sites\/3\/2022\/03\/Matt_Rybansky_Photography_Fotograf_Bratislava_biznis_business_firemny_portret_35-683x1024.jpg 683w, https:\/\/www.mattrybansky.com\/en\/wp-content\/uploads\/sites\/3\/2022\/03\/Matt_Rybansky_Photography_Fotograf_Bratislava_biznis_business_firemny_portret_35-200x300.jpg 200w, https:\/\/www.mattrybansky.com\/en\/wp-content\/uploads\/sites\/3\/2022\/03\/Matt_Rybansky_Photography_Fotograf_Bratislava_biznis_business_firemny_portret_35-768x1152.jpg 768w, https:\/\/www.mattrybansky.com\/en\/wp-content\/uploads\/sites\/3\/2022\/03\/Matt_Rybansky_Photography_Fotograf_Bratislava_biznis_business_firemny_portret_35-1024x1536.jpg 1024w, https:\/\/www.mattrybansky.com\/en\/wp-content\/uploads\/sites\/3\/2022\/03\/Matt_Rybansky_Photography_Fotograf_Bratislava_biznis_business_firemny_portret_35-1365x2048.jpg 1365w, https:\/\/www.mattrybansky.com\/en\/wp-content\/uploads\/sites\/3\/2022\/03\/Matt_Rybansky_Photography_Fotograf_Bratislava_biznis_business_firemny_portret_35.jpg 1600w\" sizes=\"(max-width: 683px) 100vw, 683px\" \/><figcaption>Viz\u00e1\u017e &#8211; \u013dubica Kraj\u0148\u00e1kov\u00e1<\/figcaption><\/figure><\/div>\n\n\n\n<p>Viz\u00e1\u017e v\u00e1m tie\u017e pom\u00f4\u017ee k v\u00e4\u010d\u0161iemu sebavedomiu pri foten\u00ed a to sa v\u017edy pozit\u00edvne odraz\u00ed na v\u00fdsledku fotografie. <\/p>\n\n\n\n<p>Profesion\u00e1lna viz\u00e1\u017eistka je tie\u017e nutnos\u0165ou pri ka\u017edom kampa\u0148ovom a reklamnom foten\u00ed, ak chcete odprezentova\u0165 v\u00e1\u0161 produkt alebo slu\u017ebu s pomocou modelky alebo modela. <\/p>\n\n\n\n<p><\/p>\n\n\n\n<div class=\"wp-block-image\"><figure class=\"aligncenter size-large\"><img decoding=\"async\" loading=\"lazy\" width=\"1024\" height=\"683\" src=\"https:\/\/www.mattrybansky.com\/wp-content\/uploads\/2022\/03\/Matt_Rybansky_Photography_fotograf_bratislava_kampanove_reklamne_fotografie_F-ck_Yeah_Kiss_My_Lips__08-1024x683.jpg\" alt=\"\" class=\"wp-image-585\" srcset=\"https:\/\/www.mattrybansky.com\/en\/wp-content\/uploads\/sites\/3\/2022\/03\/Matt_Rybansky_Photography_fotograf_bratislava_kampanove_reklamne_fotografie_F-ck_Yeah_Kiss_My_Lips__08-1024x683.jpg 1024w, https:\/\/www.mattrybansky.com\/en\/wp-content\/uploads\/sites\/3\/2022\/03\/Matt_Rybansky_Photography_fotograf_bratislava_kampanove_reklamne_fotografie_F-ck_Yeah_Kiss_My_Lips__08-300x200.jpg 300w, https:\/\/www.mattrybansky.com\/en\/wp-content\/uploads\/sites\/3\/2022\/03\/Matt_Rybansky_Photography_fotograf_bratislava_kampanove_reklamne_fotografie_F-ck_Yeah_Kiss_My_Lips__08-768x512.jpg 768w, https:\/\/www.mattrybansky.com\/en\/wp-content\/uploads\/sites\/3\/2022\/03\/Matt_Rybansky_Photography_fotograf_bratislava_kampanove_reklamne_fotografie_F-ck_Yeah_Kiss_My_Lips__08-1536x1024.jpg 1536w, https:\/\/www.mattrybansky.com\/en\/wp-content\/uploads\/sites\/3\/2022\/03\/Matt_Rybansky_Photography_fotograf_bratislava_kampanove_reklamne_fotografie_F-ck_Yeah_Kiss_My_Lips__08-2048x1365.jpg 2048w\" sizes=\"(max-width: 1024px) 100vw, 1024px\" \/><figcaption>Viz\u00e1\u017e &#8211; \u013dubica Kraj\u0148\u00e1kov\u00e1<\/figcaption><\/figure><\/div>\n\n\n\n<p>Naopak viz\u00e1\u017e nepotebujete pri foteniach, ktor\u00e9 nebud\u00fa verejne prezentovan\u00e9 &#8211; napr.fotografie na firemn\u00e9 karty. Pr\u00edpadne sa bud\u00fa fotografie pou\u017e\u00edva\u0165 v mal\u00fdch rozmeroch na webov\u00fdch str\u00e1nkach bez mo\u017enosti pribl\u00ed\u017eenia. Taktie\u017e viz\u00e1\u017e nepotrebuj\u00fa \u017eeny, ktor\u00e9 sa c\u00edtia viz\u00e1\u017eisticky zdatn\u00e9 a preferuj\u00fa svoje l\u00ed\u010denie. <\/p>\n\n\n\n<p>Z m\u00f4jho poh\u013eadu profesion\u00e1lneho fotografa je v\u0161ak viz\u00e1\u017e v\u017edy dobrou vo\u013ebou na foteniach, na v\u00fdsledku je to v\u017edy c\u00edti\u0165 a ak budete fotografie pou\u017e\u00edva\u0165 dlhodobo, potom t\u00e1 jednor\u00e1zov\u00e1 invest\u00edcia nie je vysok\u00e1 a oplat\u00ed sa. <\/p>\n\n\n\n<p><\/p>\n\n\n\n<figure class=\"wp-block-gallery has-nested-images columns-default wp-block-gallery-1 is-layout-flex\">\n<figure class=\"wp-block-image size-large\"><img decoding=\"async\" loading=\"lazy\" width=\"2400\" height=\"1601\" data-id=\"577\"  src=\"https:\/\/www.mattrybansky.com\/wp-content\/uploads\/2022\/03\/Matt_Rybansky_Photography_Fotograf_Bratislava_fotografia_licenie_portrety_02.jpg\" alt=\"\" class=\"wp-image-577\" srcset=\"https:\/\/www.mattrybansky.com\/en\/wp-content\/uploads\/sites\/3\/2022\/03\/Matt_Rybansky_Photography_Fotograf_Bratislava_fotografia_licenie_portrety_02.jpg 2400w, https:\/\/www.mattrybansky.com\/en\/wp-content\/uploads\/sites\/3\/2022\/03\/Matt_Rybansky_Photography_Fotograf_Bratislava_fotografia_licenie_portrety_02-300x200.jpg 300w, https:\/\/www.mattrybansky.com\/en\/wp-content\/uploads\/sites\/3\/2022\/03\/Matt_Rybansky_Photography_Fotograf_Bratislava_fotografia_licenie_portrety_02-1024x683.jpg 1024w, https:\/\/www.mattrybansky.com\/en\/wp-content\/uploads\/sites\/3\/2022\/03\/Matt_Rybansky_Photography_Fotograf_Bratislava_fotografia_licenie_portrety_02-768x512.jpg 768w, https:\/\/www.mattrybansky.com\/en\/wp-content\/uploads\/sites\/3\/2022\/03\/Matt_Rybansky_Photography_Fotograf_Bratislava_fotografia_licenie_portrety_02-1536x1025.jpg 1536w, https:\/\/www.mattrybansky.com\/en\/wp-content\/uploads\/sites\/3\/2022\/03\/Matt_Rybansky_Photography_Fotograf_Bratislava_fotografia_licenie_portrety_02-2048x1366.jpg 2048w\" sizes=\"(max-width: 2400px) 100vw, 2400px\" \/><\/figure>\n<\/figure>\n","protected":false},"excerpt":{"rendered":"<p>Profesion\u00e1lna viz\u00e1\u017e je invest\u00edcia naviac, s\u00fa v\u0161ak fotenia, kedy sa naozaj oplat\u00ed. Kedy viz\u00e1\u017eistku zavola\u0165 na fotenie? Viz\u00e1\u017e si zabezpe\u010dte v\u017edy, pokia\u013e v\u00e1s fotografie bud\u00fa verejne prezentova\u0165 a pom\u00e1ha\u0165, aby ste z\u00edskali svojich z\u00e1kazn\u00edkov. Profesion\u00e1lna viz\u00e1\u017e v\u00e1m pom\u00f4\u017ee p\u00f4sobi\u0165 pr\u00edjemn\u00fdm a elegantn\u00fdm dojmom a plat\u00ed tu rovnak\u00e9 pravidlo ako pri produkte &#8211; obal pred\u00e1va. \ud83d\ude42 [&hellip;]<\/p>\n","protected":false},"author":3,"featured_media":576,"comment_status":"closed","ping_status":"open","sticky":false,"template":"","format":"standard","meta":{"_mi_skip_tracking":false,"_monsterinsights_sitenote_active":false,"_monsterinsights_sitenote_note":"","_monsterinsights_sitenote_category":0},"categories":[4],"tags":[],"yoast_head":"<!-- This site is optimized with the Yoast SEO Premium plugin v20.9 (Yoast SEO v20.9) - https:\/\/yoast.com\/wordpress\/plugins\/seo\/ -->\n<title>Profesion\u00e1lna viz\u00e1\u017e - \u00e1no \u010di nie? - Matt Rybansky Photography<\/title>\n<meta name=\"robots\" content=\"index, follow, max-snippet:-1, max-image-preview:large, max-video-preview:-1\" \/>\n<link rel=\"canonical\" href=\"https:\/\/www.mattrybansky.com\/en\/blog\/2022\/03\/10\/profesionalna-vizaz-ano-ci-nie\/\" \/>\n<meta property=\"og:locale\" content=\"en_US\" \/>\n<meta property=\"og:type\" content=\"article\" \/>\n<meta property=\"og:title\" content=\"Profesion\u00e1lna viz\u00e1\u017e - \u00e1no \u010di nie?\" \/>\n<meta property=\"og:description\" content=\"Profesion\u00e1lna viz\u00e1\u017e je invest\u00edcia naviac, s\u00fa v\u0161ak fotenia, kedy sa naozaj oplat\u00ed. Kedy viz\u00e1\u017eistku zavola\u0165 na fotenie? Viz\u00e1\u017e si zabezpe\u010dte v\u017edy, pokia\u013e v\u00e1s fotografie bud\u00fa verejne prezentova\u0165 a pom\u00e1ha\u0165, aby ste z\u00edskali svojich z\u00e1kazn\u00edkov. Profesion\u00e1lna viz\u00e1\u017e v\u00e1m pom\u00f4\u017ee p\u00f4sobi\u0165 pr\u00edjemn\u00fdm a elegantn\u00fdm dojmom a plat\u00ed tu rovnak\u00e9 pravidlo ako pri produkte &#8211; obal pred\u00e1va. \ud83d\ude42 [&hellip;]\" \/>\n<meta property=\"og:url\" content=\"https:\/\/www.mattrybansky.com\/en\/blog\/2022\/03\/10\/profesionalna-vizaz-ano-ci-nie\/\" \/>\n<meta property=\"og:site_name\" content=\"Matt Rybansky Photography\" \/>\n<meta property=\"article:published_time\" content=\"2022-03-10T20:36:07+00:00\" \/>\n<meta property=\"article:modified_time\" content=\"2022-03-11T20:53:08+00:00\" \/>\n<meta property=\"og:image\" content=\"https:\/\/www.mattrybansky.com\/en\/wp-content\/uploads\/sites\/3\/2022\/03\/Matt_Rybansky_Photography_Fotograf_Bratislava_fotografia_licenie_portrety_01.jpg\" \/>\n\t<meta property=\"og:image:width\" content=\"2400\" \/>\n\t<meta property=\"og:image:height\" content=\"1599\" \/>\n\t<meta property=\"og:image:type\" content=\"image\/jpeg\" \/>\n<meta name=\"author\" content=\"Matt\" \/>\n<meta name=\"twitter:card\" content=\"summary_large_image\" \/>\n<meta name=\"twitter:label1\" content=\"Written by\" \/>\n\t<meta name=\"twitter:data1\" content=\"Matt\" \/>\n\t<meta name=\"twitter:label2\" content=\"Est. reading time\" \/>\n\t<meta name=\"twitter:data2\" content=\"2 minutes\" \/>\n<script type=\"application\/ld+json\" class=\"yoast-schema-graph\">{\"@context\":\"https:\/\/schema.org\",\"@graph\":[{\"@type\":\"WebPage\",\"@id\":\"https:\/\/www.mattrybansky.com\/en\/blog\/2022\/03\/10\/profesionalna-vizaz-ano-ci-nie\/\",\"url\":\"https:\/\/www.mattrybansky.com\/en\/blog\/2022\/03\/10\/profesionalna-vizaz-ano-ci-nie\/\",\"name\":\"Profesion\u00e1lna viz\u00e1\u017e - \u00e1no \u010di nie? - Matt Rybansky Photography\",\"isPartOf\":{\"@id\":\"https:\/\/www.mattrybansky.com\/en\/#website\"},\"datePublished\":\"2022-03-10T20:36:07+00:00\",\"dateModified\":\"2022-03-11T20:53:08+00:00\",\"author\":{\"@id\":\"https:\/\/www.mattrybansky.com\/en\/#\/schema\/person\/f4af50752736bf4cfc2f6668ef4cad80\"},\"breadcrumb\":{\"@id\":\"https:\/\/www.mattrybansky.com\/en\/blog\/2022\/03\/10\/profesionalna-vizaz-ano-ci-nie\/#breadcrumb\"},\"inLanguage\":\"en-US\",\"potentialAction\":[{\"@type\":\"ReadAction\",\"target\":[\"https:\/\/www.mattrybansky.com\/en\/blog\/2022\/03\/10\/profesionalna-vizaz-ano-ci-nie\/\"]}]},{\"@type\":\"BreadcrumbList\",\"@id\":\"https:\/\/www.mattrybansky.com\/en\/blog\/2022\/03\/10\/profesionalna-vizaz-ano-ci-nie\/#breadcrumb\",\"itemListElement\":[{\"@type\":\"ListItem\",\"position\":1,\"name\":\"Domovsk\u00e1 str\u00e1nka\",\"item\":\"https:\/\/www.mattrybansky.com\/en\/\"},{\"@type\":\"ListItem\",\"position\":2,\"name\":\"Profesion\u00e1lna viz\u00e1\u017e &#8211; \u00e1no \u010di nie?\"}]},{\"@type\":\"WebSite\",\"@id\":\"https:\/\/www.mattrybansky.com\/en\/#website\",\"url\":\"https:\/\/www.mattrybansky.com\/en\/\",\"name\":\"Matt Rybansky Photography\",\"description\":\"Professional photographer Bratislava\",\"potentialAction\":[{\"@type\":\"SearchAction\",\"target\":{\"@type\":\"EntryPoint\",\"urlTemplate\":\"https:\/\/www.mattrybansky.com\/en\/?s={search_term_string}\"},\"query-input\":\"required name=search_term_string\"}],\"inLanguage\":\"en-US\"},{\"@type\":\"Person\",\"@id\":\"https:\/\/www.mattrybansky.com\/en\/#\/schema\/person\/f4af50752736bf4cfc2f6668ef4cad80\",\"name\":\"Matt\",\"image\":{\"@type\":\"ImageObject\",\"inLanguage\":\"en-US\",\"@id\":\"https:\/\/www.mattrybansky.com\/en\/#\/schema\/person\/image\/\",\"url\":\"https:\/\/secure.gravatar.com\/avatar\/b96f64bc869dc42ca2159e6a182048d6?s=96&d=mm&r=g\",\"contentUrl\":\"https:\/\/secure.gravatar.com\/avatar\/b96f64bc869dc42ca2159e6a182048d6?s=96&d=mm&r=g\",\"caption\":\"Matt\"},\"sameAs\":[\"https:\/\/www.mattrybansky.com\"],\"url\":\"https:\/\/www.mattrybansky.com\/en\/blog\/author\/matt\/\"}]}<\/script>\n<!-- \/ Yoast SEO Premium plugin. -->","yoast_head_json":{"title":"Profesion\u00e1lna viz\u00e1\u017e - \u00e1no \u010di nie? - Matt Rybansky Photography","robots":{"index":"index","follow":"follow","max-snippet":"max-snippet:-1","max-image-preview":"max-image-preview:large","max-video-preview":"max-video-preview:-1"},"canonical":"https:\/\/www.mattrybansky.com\/en\/blog\/2022\/03\/10\/profesionalna-vizaz-ano-ci-nie\/","og_locale":"en_US","og_type":"article","og_title":"Profesion\u00e1lna viz\u00e1\u017e - \u00e1no \u010di nie?","og_description":"Profesion\u00e1lna viz\u00e1\u017e je invest\u00edcia naviac, s\u00fa v\u0161ak fotenia, kedy sa naozaj oplat\u00ed. Kedy viz\u00e1\u017eistku zavola\u0165 na fotenie? Viz\u00e1\u017e si zabezpe\u010dte v\u017edy, pokia\u013e v\u00e1s fotografie bud\u00fa verejne prezentova\u0165 a pom\u00e1ha\u0165, aby ste z\u00edskali svojich z\u00e1kazn\u00edkov. Profesion\u00e1lna viz\u00e1\u017e v\u00e1m pom\u00f4\u017ee p\u00f4sobi\u0165 pr\u00edjemn\u00fdm a elegantn\u00fdm dojmom a plat\u00ed tu rovnak\u00e9 pravidlo ako pri produkte &#8211; obal pred\u00e1va. \ud83d\ude42 [&hellip;]","og_url":"https:\/\/www.mattrybansky.com\/en\/blog\/2022\/03\/10\/profesionalna-vizaz-ano-ci-nie\/","og_site_name":"Matt Rybansky Photography","article_published_time":"2022-03-10T20:36:07+00:00","article_modified_time":"2022-03-11T20:53:08+00:00","og_image":[{"width":2400,"height":1599,"url":"https:\/\/www.mattrybansky.com\/en\/wp-content\/uploads\/sites\/3\/2022\/03\/Matt_Rybansky_Photography_Fotograf_Bratislava_fotografia_licenie_portrety_01.jpg","type":"image\/jpeg"}],"author":"Matt","twitter_card":"summary_large_image","twitter_misc":{"Written by":"Matt","Est. reading time":"2 minutes"},"schema":{"@context":"https:\/\/schema.org","@graph":[{"@type":"WebPage","@id":"https:\/\/www.mattrybansky.com\/en\/blog\/2022\/03\/10\/profesionalna-vizaz-ano-ci-nie\/","url":"https:\/\/www.mattrybansky.com\/en\/blog\/2022\/03\/10\/profesionalna-vizaz-ano-ci-nie\/","name":"Profesion\u00e1lna viz\u00e1\u017e - \u00e1no \u010di nie? - Matt Rybansky Photography","isPartOf":{"@id":"https:\/\/www.mattrybansky.com\/en\/#website"},"datePublished":"2022-03-10T20:36:07+00:00","dateModified":"2022-03-11T20:53:08+00:00","author":{"@id":"https:\/\/www.mattrybansky.com\/en\/#\/schema\/person\/f4af50752736bf4cfc2f6668ef4cad80"},"breadcrumb":{"@id":"https:\/\/www.mattrybansky.com\/en\/blog\/2022\/03\/10\/profesionalna-vizaz-ano-ci-nie\/#breadcrumb"},"inLanguage":"en-US","potentialAction":[{"@type":"ReadAction","target":["https:\/\/www.mattrybansky.com\/en\/blog\/2022\/03\/10\/profesionalna-vizaz-ano-ci-nie\/"]}]},{"@type":"BreadcrumbList","@id":"https:\/\/www.mattrybansky.com\/en\/blog\/2022\/03\/10\/profesionalna-vizaz-ano-ci-nie\/#breadcrumb","itemListElement":[{"@type":"ListItem","position":1,"name":"Domovsk\u00e1 str\u00e1nka","item":"https:\/\/www.mattrybansky.com\/en\/"},{"@type":"ListItem","position":2,"name":"Profesion\u00e1lna viz\u00e1\u017e &#8211; \u00e1no \u010di nie?"}]},{"@type":"WebSite","@id":"https:\/\/www.mattrybansky.com\/en\/#website","url":"https:\/\/www.mattrybansky.com\/en\/","name":"Matt Rybansky Photography","description":"Professional photographer Bratislava","potentialAction":[{"@type":"SearchAction","target":{"@type":"EntryPoint","urlTemplate":"https:\/\/www.mattrybansky.com\/en\/?s={search_term_string}"},"query-input":"required name=search_term_string"}],"inLanguage":"en-US"},{"@type":"Person","@id":"https:\/\/www.mattrybansky.com\/en\/#\/schema\/person\/f4af50752736bf4cfc2f6668ef4cad80","name":"Matt","image":{"@type":"ImageObject","inLanguage":"en-US","@id":"https:\/\/www.mattrybansky.com\/en\/#\/schema\/person\/image\/","url":"https:\/\/secure.gravatar.com\/avatar\/b96f64bc869dc42ca2159e6a182048d6?s=96&d=mm&r=g","contentUrl":"https:\/\/secure.gravatar.com\/avatar\/b96f64bc869dc42ca2159e6a182048d6?s=96&d=mm&r=g","caption":"Matt"},"sameAs":["https:\/\/www.mattrybansky.com"],"url":"https:\/\/www.mattrybansky.com\/en\/blog\/author\/matt\/"}]}},"jetpack_featured_media_url":"https:\/\/www.mattrybansky.com\/en\/wp-content\/uploads\/sites\/3\/2022\/03\/Matt_Rybansky_Photography_Fotograf_Bratislava_fotografia_licenie_portrety_01.jpg","_links":{"self":[{"href":"https:\/\/www.mattrybansky.com\/en\/wp-json\/wp\/v2\/posts\/784"}],"collection":[{"href":"https:\/\/www.mattrybansky.com\/en\/wp-json\/wp\/v2\/posts"}],"about":[{"href":"https:\/\/www.mattrybansky.com\/en\/wp-json\/wp\/v2\/types\/post"}],"author":[{"embeddable":true,"href":"https:\/\/www.mattrybansky.com\/en\/wp-json\/wp\/v2\/users\/3"}],"replies":[{"embeddable":true,"href":"https:\/\/www.mattrybansky.com\/en\/wp-json\/wp\/v2\/comments?post=784"}],"version-history":[{"count":6,"href":"https:\/\/www.mattrybansky.com\/en\/wp-json\/wp\/v2\/posts\/784\/revisions"}],"predecessor-version":[{"id":822,"href":"https:\/\/www.mattrybansky.com\/en\/wp-json\/wp\/v2\/posts\/784\/revisions\/822"}],"wp:featuredmedia":[{"embeddable":true,"href":"https:\/\/www.mattrybansky.com\/en\/wp-json\/wp\/v2\/media\/576"}],"wp:attachment":[{"href":"https:\/\/www.mattrybansky.com\/en\/wp-json\/wp\/v2\/media?parent=784"}],"wp:term":[{"taxonomy":"category","embeddable":true,"href":"https:\/\/www.mattrybansky.com\/en\/wp-json\/wp\/v2\/categories?post=784"},{"taxonomy":"post_tag","embeddable":true,"href":"https:\/\/www.mattrybansky.com\/en\/wp-json\/wp\/v2\/tags?post=784"}],"curies":[{"name":"wp","href":"https:\/\/api.w.org\/{rel}","templated":true}]}}