{"id":222,"date":"2022-03-01T18:26:06","date_gmt":"2022-03-01T17:26:06","guid":{"rendered":"https:\/\/www.mattrybansky.com\/?p=222"},"modified":"2022-03-10T21:31:35","modified_gmt":"2022-03-10T20:31:35","slug":"co-si-obliect-na-fotenie","status":"publish","type":"post","link":"https:\/\/www.mattrybansky.com\/en\/blog\/2022\/03\/01\/co-si-obliect-na-fotenie\/","title":{"rendered":"\u010co si obliec\u0165 na fotenie?"},"content":{"rendered":"\n<p>Ak prem\u00fd\u0161\u013eate, ako sa najlep\u0161ie pripravi\u0165 na fotenie a \u010do si obliec\u0165, tu m\u00e1m pre v\u00e1s p\u00e1r odpor\u00fa\u010dan\u00ed.<\/p>\n\n\n\n<p><\/p>\n\n\n\n<p><strong>1. Oble\u010denie vyberajte pod\u013ea typu fotografie. <\/strong><br><br>Ak budeme foti\u0165 biznis portr\u00e9ty, potom je vhodn\u00e9 elegantn\u00e9 seri\u00f3zne oble\u010denie. Mu\u017ei chodia \u010dasto v oblekoch, pr\u00edpadne v ko\u0161eli bez saka alebo so sakom. \u017deny si pre biznis portr\u00e9ty volia kost\u00fdm, elegantn\u00e9 \u0161aty, pr\u00edpadne bl\u00fazku, sako, elegantn\u00fd top. <br><\/p>\n\n\n\n<figure class=\"wp-block-gallery has-nested-images columns-default wp-block-gallery-1 is-layout-flex\">\n<figure class=\"wp-block-image size-large\"><img decoding=\"async\" loading=\"lazy\" width=\"1067\" height=\"1600\" data-id=\"120\"  src=\"https:\/\/www.mattrybansky.com\/wp-content\/uploads\/2022\/02\/Matt_Rybansky_Photography_Fotograf_Bratislava_DNA_ERA_biznis_portret_business_portrait_01.jpg\" alt=\"\" class=\"wp-image-120\" srcset=\"https:\/\/www.mattrybansky.com\/en\/wp-content\/uploads\/sites\/3\/2022\/02\/Matt_Rybansky_Photography_Fotograf_Bratislava_DNA_ERA_biznis_portret_business_portrait_01.jpg 1067w, https:\/\/www.mattrybansky.com\/en\/wp-content\/uploads\/sites\/3\/2022\/02\/Matt_Rybansky_Photography_Fotograf_Bratislava_DNA_ERA_biznis_portret_business_portrait_01-200x300.jpg 200w, https:\/\/www.mattrybansky.com\/en\/wp-content\/uploads\/sites\/3\/2022\/02\/Matt_Rybansky_Photography_Fotograf_Bratislava_DNA_ERA_biznis_portret_business_portrait_01-683x1024.jpg 683w, https:\/\/www.mattrybansky.com\/en\/wp-content\/uploads\/sites\/3\/2022\/02\/Matt_Rybansky_Photography_Fotograf_Bratislava_DNA_ERA_biznis_portret_business_portrait_01-768x1152.jpg 768w, https:\/\/www.mattrybansky.com\/en\/wp-content\/uploads\/sites\/3\/2022\/02\/Matt_Rybansky_Photography_Fotograf_Bratislava_DNA_ERA_biznis_portret_business_portrait_01-1024x1536.jpg 1024w\" sizes=\"(max-width: 1067px) 100vw, 1067px\" \/><\/figure>\n\n\n\n<figure class=\"wp-block-image size-large\"><img decoding=\"async\" loading=\"lazy\" width=\"1601\" height=\"2400\" data-id=\"304\"  src=\"https:\/\/www.mattrybansky.com\/wp-content\/uploads\/2022\/03\/Matt_Rybansky_Photography_Fotograf_Bratislava_biznis_business_firemny_portret_10.jpg\" alt=\"\" class=\"wp-image-304\" srcset=\"https:\/\/www.mattrybansky.com\/en\/wp-content\/uploads\/sites\/3\/2022\/03\/Matt_Rybansky_Photography_Fotograf_Bratislava_biznis_business_firemny_portret_10.jpg 1601w, https:\/\/www.mattrybansky.com\/en\/wp-content\/uploads\/sites\/3\/2022\/03\/Matt_Rybansky_Photography_Fotograf_Bratislava_biznis_business_firemny_portret_10-200x300.jpg 200w, https:\/\/www.mattrybansky.com\/en\/wp-content\/uploads\/sites\/3\/2022\/03\/Matt_Rybansky_Photography_Fotograf_Bratislava_biznis_business_firemny_portret_10-683x1024.jpg 683w, https:\/\/www.mattrybansky.com\/en\/wp-content\/uploads\/sites\/3\/2022\/03\/Matt_Rybansky_Photography_Fotograf_Bratislava_biznis_business_firemny_portret_10-768x1151.jpg 768w, https:\/\/www.mattrybansky.com\/en\/wp-content\/uploads\/sites\/3\/2022\/03\/Matt_Rybansky_Photography_Fotograf_Bratislava_biznis_business_firemny_portret_10-1025x1536.jpg 1025w, https:\/\/www.mattrybansky.com\/en\/wp-content\/uploads\/sites\/3\/2022\/03\/Matt_Rybansky_Photography_Fotograf_Bratislava_biznis_business_firemny_portret_10-1366x2048.jpg 1366w\" sizes=\"(max-width: 1601px) 100vw, 1601px\" \/><\/figure>\n\n\n\n<figure class=\"wp-block-image size-large\"><img decoding=\"async\" loading=\"lazy\" width=\"1601\" height=\"2400\" data-id=\"299\"  src=\"https:\/\/www.mattrybansky.com\/wp-content\/uploads\/2022\/03\/Matt_Rybansky_Photography_Fotograf_Bratislava_biznis_business_firemny_portret_05.jpg\" alt=\"\" class=\"wp-image-299\" srcset=\"https:\/\/www.mattrybansky.com\/en\/wp-content\/uploads\/sites\/3\/2022\/03\/Matt_Rybansky_Photography_Fotograf_Bratislava_biznis_business_firemny_portret_05.jpg 1601w, https:\/\/www.mattrybansky.com\/en\/wp-content\/uploads\/sites\/3\/2022\/03\/Matt_Rybansky_Photography_Fotograf_Bratislava_biznis_business_firemny_portret_05-200x300.jpg 200w, https:\/\/www.mattrybansky.com\/en\/wp-content\/uploads\/sites\/3\/2022\/03\/Matt_Rybansky_Photography_Fotograf_Bratislava_biznis_business_firemny_portret_05-683x1024.jpg 683w, https:\/\/www.mattrybansky.com\/en\/wp-content\/uploads\/sites\/3\/2022\/03\/Matt_Rybansky_Photography_Fotograf_Bratislava_biznis_business_firemny_portret_05-768x1151.jpg 768w, https:\/\/www.mattrybansky.com\/en\/wp-content\/uploads\/sites\/3\/2022\/03\/Matt_Rybansky_Photography_Fotograf_Bratislava_biznis_business_firemny_portret_05-1025x1536.jpg 1025w, https:\/\/www.mattrybansky.com\/en\/wp-content\/uploads\/sites\/3\/2022\/03\/Matt_Rybansky_Photography_Fotograf_Bratislava_biznis_business_firemny_portret_05-1366x2048.jpg 1366w\" sizes=\"(max-width: 1601px) 100vw, 1601px\" \/><\/figure>\n<\/figure>\n\n\n\n<p>Ak fot\u00edme p\u00e1rov\u00e9 fotografie alebo m\u00e1me rodinn\u00e9 fotenie, najlep\u0161ie urob\u00edte, ak sa zlad\u00edte v jednom \u0161t\u00fdle. \u010ci u\u017e je to elegantn\u00fd alebo \u0161portov\u00fd, \u010d\u00edm viac ste zladen\u00ed, t\u00fdm pr\u00edjemnej\u0161ie fotografia p\u00f4sob\u00ed. <br><\/p>\n\n\n\n<figure class=\"wp-block-gallery has-nested-images columns-default wp-block-gallery-3 is-layout-flex\">\n<figure class=\"wp-block-image size-large\"><img decoding=\"async\" loading=\"lazy\" width=\"1601\" height=\"2400\" data-id=\"744\"  src=\"https:\/\/www.mattrybansky.com\/wp-content\/uploads\/2022\/03\/Matt_Rybansky_Photography_Fotograf_Bratislava_rodinne_fotografie_04.jpg\" alt=\"\" class=\"wp-image-744\" srcset=\"https:\/\/www.mattrybansky.com\/en\/wp-content\/uploads\/sites\/3\/2022\/03\/Matt_Rybansky_Photography_Fotograf_Bratislava_rodinne_fotografie_04.jpg 1601w, https:\/\/www.mattrybansky.com\/en\/wp-content\/uploads\/sites\/3\/2022\/03\/Matt_Rybansky_Photography_Fotograf_Bratislava_rodinne_fotografie_04-200x300.jpg 200w, https:\/\/www.mattrybansky.com\/en\/wp-content\/uploads\/sites\/3\/2022\/03\/Matt_Rybansky_Photography_Fotograf_Bratislava_rodinne_fotografie_04-683x1024.jpg 683w, https:\/\/www.mattrybansky.com\/en\/wp-content\/uploads\/sites\/3\/2022\/03\/Matt_Rybansky_Photography_Fotograf_Bratislava_rodinne_fotografie_04-768x1151.jpg 768w, https:\/\/www.mattrybansky.com\/en\/wp-content\/uploads\/sites\/3\/2022\/03\/Matt_Rybansky_Photography_Fotograf_Bratislava_rodinne_fotografie_04-1025x1536.jpg 1025w, https:\/\/www.mattrybansky.com\/en\/wp-content\/uploads\/sites\/3\/2022\/03\/Matt_Rybansky_Photography_Fotograf_Bratislava_rodinne_fotografie_04-1366x2048.jpg 1366w\" sizes=\"(max-width: 1601px) 100vw, 1601px\" \/><\/figure>\n\n\n\n<figure class=\"wp-block-image size-large\"><img decoding=\"async\" loading=\"lazy\" width=\"1601\" height=\"2400\" data-id=\"763\"  src=\"https:\/\/www.mattrybansky.com\/wp-content\/uploads\/2022\/03\/Matt_Rybansky_Photography_Fotograf_Bratislava_tehotenske_fotografie_pregnant_03.jpg\" alt=\"\" class=\"wp-image-763\" srcset=\"https:\/\/www.mattrybansky.com\/en\/wp-content\/uploads\/sites\/3\/2022\/03\/Matt_Rybansky_Photography_Fotograf_Bratislava_tehotenske_fotografie_pregnant_03.jpg 1601w, https:\/\/www.mattrybansky.com\/en\/wp-content\/uploads\/sites\/3\/2022\/03\/Matt_Rybansky_Photography_Fotograf_Bratislava_tehotenske_fotografie_pregnant_03-200x300.jpg 200w, https:\/\/www.mattrybansky.com\/en\/wp-content\/uploads\/sites\/3\/2022\/03\/Matt_Rybansky_Photography_Fotograf_Bratislava_tehotenske_fotografie_pregnant_03-683x1024.jpg 683w, https:\/\/www.mattrybansky.com\/en\/wp-content\/uploads\/sites\/3\/2022\/03\/Matt_Rybansky_Photography_Fotograf_Bratislava_tehotenske_fotografie_pregnant_03-768x1151.jpg 768w, https:\/\/www.mattrybansky.com\/en\/wp-content\/uploads\/sites\/3\/2022\/03\/Matt_Rybansky_Photography_Fotograf_Bratislava_tehotenske_fotografie_pregnant_03-1025x1536.jpg 1025w, https:\/\/www.mattrybansky.com\/en\/wp-content\/uploads\/sites\/3\/2022\/03\/Matt_Rybansky_Photography_Fotograf_Bratislava_tehotenske_fotografie_pregnant_03-1366x2048.jpg 1366w\" sizes=\"(max-width: 1601px) 100vw, 1601px\" \/><\/figure>\n\n\n\n<figure class=\"wp-block-image size-large\"><img decoding=\"async\" loading=\"lazy\" width=\"1600\" height=\"2400\" data-id=\"749\"  src=\"https:\/\/www.mattrybansky.com\/wp-content\/uploads\/2022\/03\/Matt_Rybansky_Photography_Fotograf_Bratislava_tehotenske_fotografie_atelier_pregnant_10.jpg\" alt=\"\" class=\"wp-image-749\" srcset=\"https:\/\/www.mattrybansky.com\/en\/wp-content\/uploads\/sites\/3\/2022\/03\/Matt_Rybansky_Photography_Fotograf_Bratislava_tehotenske_fotografie_atelier_pregnant_10.jpg 1600w, https:\/\/www.mattrybansky.com\/en\/wp-content\/uploads\/sites\/3\/2022\/03\/Matt_Rybansky_Photography_Fotograf_Bratislava_tehotenske_fotografie_atelier_pregnant_10-200x300.jpg 200w, https:\/\/www.mattrybansky.com\/en\/wp-content\/uploads\/sites\/3\/2022\/03\/Matt_Rybansky_Photography_Fotograf_Bratislava_tehotenske_fotografie_atelier_pregnant_10-683x1024.jpg 683w, https:\/\/www.mattrybansky.com\/en\/wp-content\/uploads\/sites\/3\/2022\/03\/Matt_Rybansky_Photography_Fotograf_Bratislava_tehotenske_fotografie_atelier_pregnant_10-768x1152.jpg 768w, https:\/\/www.mattrybansky.com\/en\/wp-content\/uploads\/sites\/3\/2022\/03\/Matt_Rybansky_Photography_Fotograf_Bratislava_tehotenske_fotografie_atelier_pregnant_10-1024x1536.jpg 1024w, https:\/\/www.mattrybansky.com\/en\/wp-content\/uploads\/sites\/3\/2022\/03\/Matt_Rybansky_Photography_Fotograf_Bratislava_tehotenske_fotografie_atelier_pregnant_10-1365x2048.jpg 1365w\" sizes=\"(max-width: 1600px) 100vw, 1600px\" \/><\/figure>\n<\/figure>\n\n\n\n<p><strong>2. Oble\u010dte si to, v \u010dom sa c\u00edtite dobre, pekne a dod\u00e1va v\u00e1m to sebavedomie.<\/strong><br><br>Ak si pri foten\u00ed budete veri\u0165 a c\u00edti\u0165 sa sebavedomo, fotografie bud\u00fa o nieko\u013eko levelov lep\u0161ie a kraj\u0161ie. Na fotografii ve\u013emi dobre vidno, \u010do z \u010dloveka vy\u017earuje. A vhodn\u00e9 oble\u010denie v\u00e1m vie naozaj pom\u00f4c\u0165.<\/p>\n\n\n\n<figure class=\"wp-block-image size-large\"><img decoding=\"async\" loading=\"lazy\" width=\"1024\" height=\"683\" src=\"https:\/\/www.mattrybansky.com\/wp-content\/uploads\/2022\/03\/Matt_Rybansky_Photography_Fotograf_Bratislava_biznis_business_firemny_portret_32-1024x683.jpg\" alt=\"\" class=\"wp-image-504\" srcset=\"https:\/\/www.mattrybansky.com\/en\/wp-content\/uploads\/sites\/3\/2022\/03\/Matt_Rybansky_Photography_Fotograf_Bratislava_biznis_business_firemny_portret_32-1024x683.jpg 1024w, https:\/\/www.mattrybansky.com\/en\/wp-content\/uploads\/sites\/3\/2022\/03\/Matt_Rybansky_Photography_Fotograf_Bratislava_biznis_business_firemny_portret_32-300x200.jpg 300w, https:\/\/www.mattrybansky.com\/en\/wp-content\/uploads\/sites\/3\/2022\/03\/Matt_Rybansky_Photography_Fotograf_Bratislava_biznis_business_firemny_portret_32-768x512.jpg 768w, https:\/\/www.mattrybansky.com\/en\/wp-content\/uploads\/sites\/3\/2022\/03\/Matt_Rybansky_Photography_Fotograf_Bratislava_biznis_business_firemny_portret_32-1536x1024.jpg 1536w, https:\/\/www.mattrybansky.com\/en\/wp-content\/uploads\/sites\/3\/2022\/03\/Matt_Rybansky_Photography_Fotograf_Bratislava_biznis_business_firemny_portret_32-2048x1365.jpg 2048w\" sizes=\"(max-width: 1024px) 100vw, 1024px\" \/><\/figure>\n\n\n\n<p><\/p>\n\n\n\n<p><strong>3. Farby s\u00fa v\u00edtan\u00e9, je dobr\u00e9 sa zladi\u0165. So vzormi na oble\u010den\u00ed opatrne.<\/strong><br><br>Ak m\u00e1te farebn\u00e9 oble\u010denie, m\u00f4\u017ee to by\u0165 skvel\u00fdm o\u017eiven\u00edm. Je vhodn\u00e9 oblieka\u0165 si sk\u00f4r neprekombinovan\u00e9 k\u00fasky, jednofarebnos\u0165ou ni\u010d nepokaz\u00edte. Ak pl\u00e1nujete aj skupinov\u00fa fotografiu, ide\u00e1lne je dohodn\u00fa\u0165 sa na jednej farbe ako biela (biely top), modr\u00e1, b\u00e9\u017eov\u00e1&#8230; To plat\u00ed aj pri p\u00e1rovom alebo rodinnom foten\u00ed. <br><br>Ak sa nec\u00edtite ako m\u00f3dny expert, odpor\u00fa\u010dam neprehna\u0165 to so vzormi, ich kombinovanie vie by\u0165 zlo\u017eit\u00e9. <br><\/p>\n\n\n\n<div class=\"wp-block-image\"><figure class=\"aligncenter size-large is-resized\"><img decoding=\"async\" loading=\"lazy\" src=\"https:\/\/www.mattrybansky.com\/wp-content\/uploads\/2022\/03\/Matt_Rybansky_Photography_Fotograf_Bratislava_biznis_business_firemny_portret_38-683x1024.jpg\" alt=\"\" class=\"wp-image-510\" width=\"434\" height=\"651\" srcset=\"https:\/\/www.mattrybansky.com\/en\/wp-content\/uploads\/sites\/3\/2022\/03\/Matt_Rybansky_Photography_Fotograf_Bratislava_biznis_business_firemny_portret_38-683x1024.jpg 683w, https:\/\/www.mattrybansky.com\/en\/wp-content\/uploads\/sites\/3\/2022\/03\/Matt_Rybansky_Photography_Fotograf_Bratislava_biznis_business_firemny_portret_38-200x300.jpg 200w, https:\/\/www.mattrybansky.com\/en\/wp-content\/uploads\/sites\/3\/2022\/03\/Matt_Rybansky_Photography_Fotograf_Bratislava_biznis_business_firemny_portret_38-768x1152.jpg 768w, https:\/\/www.mattrybansky.com\/en\/wp-content\/uploads\/sites\/3\/2022\/03\/Matt_Rybansky_Photography_Fotograf_Bratislava_biznis_business_firemny_portret_38-1024x1536.jpg 1024w, https:\/\/www.mattrybansky.com\/en\/wp-content\/uploads\/sites\/3\/2022\/03\/Matt_Rybansky_Photography_Fotograf_Bratislava_biznis_business_firemny_portret_38-1365x2048.jpg 1365w, https:\/\/www.mattrybansky.com\/en\/wp-content\/uploads\/sites\/3\/2022\/03\/Matt_Rybansky_Photography_Fotograf_Bratislava_biznis_business_firemny_portret_38.jpg 1600w\" sizes=\"(max-width: 434px) 100vw, 434px\" \/><\/figure><\/div>\n\n\n\n<p><strong>4.<\/strong> <strong>Na foten\u00ed sa m\u00f4\u017eete aj prezliec\u0165, ak si nie ste ist\u00ed. Oble\u010denie vieme konzultova\u0165 aj pred foten\u00edm.<\/strong><br><br>Po\u010das fotenia v\u00e1m viem s v\u00fdberom oble\u010denia pom\u00f4c\u0165, ak si donesiete nie\u010do na prezle\u010denie. Ale pohodlnej\u0161ie aj pre v\u00e1s bude, ak si v\u00fdber odkonzultujeme telefonicky vopred. <\/p>\n\n\n\n<p>Vid\u00edme sa na foten\u00ed. \ud83d\ude42<\/p>\n","protected":false},"excerpt":{"rendered":"<p>Ak prem\u00fd\u0161\u013eate, ako sa najlep\u0161ie pripravi\u0165 na fotenie a \u010do si obliec\u0165, tu m\u00e1m pre v\u00e1s p\u00e1r odpor\u00fa\u010dan\u00ed. 1. Oble\u010denie vyberajte pod\u013ea typu fotografie. Ak budeme foti\u0165 biznis portr\u00e9ty, potom je vhodn\u00e9 elegantn\u00e9 seri\u00f3zne oble\u010denie. Mu\u017ei chodia \u010dasto v oblekoch, pr\u00edpadne v ko\u0161eli bez saka alebo so sakom. \u017deny si pre biznis portr\u00e9ty volia kost\u00fdm, [&hellip;]<\/p>\n","protected":false},"author":3,"featured_media":123,"comment_status":"closed","ping_status":"open","sticky":false,"template":"","format":"standard","meta":{"_mi_skip_tracking":false,"_monsterinsights_sitenote_active":false,"_monsterinsights_sitenote_note":"","_monsterinsights_sitenote_category":0},"categories":[4],"tags":[],"yoast_head":"<!-- This site is optimized with the Yoast SEO Premium plugin v20.9 (Yoast SEO v20.9) - https:\/\/yoast.com\/wordpress\/plugins\/seo\/ -->\n<title>\u010co si obliec\u0165 na fotenie? - Matt Rybansky Photography<\/title>\n<meta name=\"robots\" content=\"index, follow, max-snippet:-1, max-image-preview:large, max-video-preview:-1\" \/>\n<link rel=\"canonical\" href=\"https:\/\/www.mattrybansky.com\/en\/blog\/2022\/03\/01\/co-si-obliect-na-fotenie\/\" \/>\n<meta property=\"og:locale\" content=\"en_US\" \/>\n<meta property=\"og:type\" content=\"article\" \/>\n<meta property=\"og:title\" content=\"\u010co si obliec\u0165 na fotenie?\" \/>\n<meta property=\"og:description\" content=\"Ak prem\u00fd\u0161\u013eate, ako sa najlep\u0161ie pripravi\u0165 na fotenie a \u010do si obliec\u0165, tu m\u00e1m pre v\u00e1s p\u00e1r odpor\u00fa\u010dan\u00ed. 1. Oble\u010denie vyberajte pod\u013ea typu fotografie. Ak budeme foti\u0165 biznis portr\u00e9ty, potom je vhodn\u00e9 elegantn\u00e9 seri\u00f3zne oble\u010denie. Mu\u017ei chodia \u010dasto v oblekoch, pr\u00edpadne v ko\u0161eli bez saka alebo so sakom. \u017deny si pre biznis portr\u00e9ty volia kost\u00fdm, [&hellip;]\" \/>\n<meta property=\"og:url\" content=\"https:\/\/www.mattrybansky.com\/en\/blog\/2022\/03\/01\/co-si-obliect-na-fotenie\/\" \/>\n<meta property=\"og:site_name\" content=\"Matt Rybansky Photography\" \/>\n<meta property=\"article:published_time\" content=\"2022-03-01T17:26:06+00:00\" \/>\n<meta property=\"article:modified_time\" content=\"2022-03-10T20:31:35+00:00\" \/>\n<meta property=\"og:image\" content=\"https:\/\/www.mattrybansky.com\/en\/wp-content\/uploads\/sites\/3\/2022\/02\/Matt_Rybansky_Photography_Fotograf_Bratislava_DNA_ERA_biznis_portret_business_portrait_04.jpg\" \/>\n\t<meta property=\"og:image:width\" content=\"1067\" \/>\n\t<meta property=\"og:image:height\" content=\"1600\" \/>\n\t<meta property=\"og:image:type\" content=\"image\/jpeg\" \/>\n<meta name=\"author\" content=\"Matt\" \/>\n<meta name=\"twitter:card\" content=\"summary_large_image\" \/>\n<meta name=\"twitter:label1\" content=\"Written by\" \/>\n\t<meta name=\"twitter:data1\" content=\"Matt\" \/>\n\t<meta name=\"twitter:label2\" content=\"Est. reading time\" \/>\n\t<meta name=\"twitter:data2\" content=\"4 minutes\" \/>\n<script type=\"application\/ld+json\" class=\"yoast-schema-graph\">{\"@context\":\"https:\/\/schema.org\",\"@graph\":[{\"@type\":\"WebPage\",\"@id\":\"https:\/\/www.mattrybansky.com\/en\/blog\/2022\/03\/01\/co-si-obliect-na-fotenie\/\",\"url\":\"https:\/\/www.mattrybansky.com\/en\/blog\/2022\/03\/01\/co-si-obliect-na-fotenie\/\",\"name\":\"\u010co si obliec\u0165 na fotenie? - Matt Rybansky Photography\",\"isPartOf\":{\"@id\":\"https:\/\/www.mattrybansky.com\/en\/#website\"},\"datePublished\":\"2022-03-01T17:26:06+00:00\",\"dateModified\":\"2022-03-10T20:31:35+00:00\",\"author\":{\"@id\":\"https:\/\/www.mattrybansky.com\/en\/#\/schema\/person\/f4af50752736bf4cfc2f6668ef4cad80\"},\"breadcrumb\":{\"@id\":\"https:\/\/www.mattrybansky.com\/en\/blog\/2022\/03\/01\/co-si-obliect-na-fotenie\/#breadcrumb\"},\"inLanguage\":\"en-US\",\"potentialAction\":[{\"@type\":\"ReadAction\",\"target\":[\"https:\/\/www.mattrybansky.com\/en\/blog\/2022\/03\/01\/co-si-obliect-na-fotenie\/\"]}]},{\"@type\":\"BreadcrumbList\",\"@id\":\"https:\/\/www.mattrybansky.com\/en\/blog\/2022\/03\/01\/co-si-obliect-na-fotenie\/#breadcrumb\",\"itemListElement\":[{\"@type\":\"ListItem\",\"position\":1,\"name\":\"Domovsk\u00e1 str\u00e1nka\",\"item\":\"https:\/\/www.mattrybansky.com\/en\/\"},{\"@type\":\"ListItem\",\"position\":2,\"name\":\"\u010co si obliec\u0165 na fotenie?\"}]},{\"@type\":\"WebSite\",\"@id\":\"https:\/\/www.mattrybansky.com\/en\/#website\",\"url\":\"https:\/\/www.mattrybansky.com\/en\/\",\"name\":\"Matt Rybansky Photography\",\"description\":\"Professional photographer Bratislava\",\"potentialAction\":[{\"@type\":\"SearchAction\",\"target\":{\"@type\":\"EntryPoint\",\"urlTemplate\":\"https:\/\/www.mattrybansky.com\/en\/?s={search_term_string}\"},\"query-input\":\"required name=search_term_string\"}],\"inLanguage\":\"en-US\"},{\"@type\":\"Person\",\"@id\":\"https:\/\/www.mattrybansky.com\/en\/#\/schema\/person\/f4af50752736bf4cfc2f6668ef4cad80\",\"name\":\"Matt\",\"image\":{\"@type\":\"ImageObject\",\"inLanguage\":\"en-US\",\"@id\":\"https:\/\/www.mattrybansky.com\/en\/#\/schema\/person\/image\/\",\"url\":\"https:\/\/secure.gravatar.com\/avatar\/b96f64bc869dc42ca2159e6a182048d6?s=96&d=mm&r=g\",\"contentUrl\":\"https:\/\/secure.gravatar.com\/avatar\/b96f64bc869dc42ca2159e6a182048d6?s=96&d=mm&r=g\",\"caption\":\"Matt\"},\"sameAs\":[\"https:\/\/www.mattrybansky.com\"],\"url\":\"https:\/\/www.mattrybansky.com\/en\/blog\/author\/matt\/\"}]}<\/script>\n<!-- \/ Yoast SEO Premium plugin. -->","yoast_head_json":{"title":"\u010co si obliec\u0165 na fotenie? - Matt Rybansky Photography","robots":{"index":"index","follow":"follow","max-snippet":"max-snippet:-1","max-image-preview":"max-image-preview:large","max-video-preview":"max-video-preview:-1"},"canonical":"https:\/\/www.mattrybansky.com\/en\/blog\/2022\/03\/01\/co-si-obliect-na-fotenie\/","og_locale":"en_US","og_type":"article","og_title":"\u010co si obliec\u0165 na fotenie?","og_description":"Ak prem\u00fd\u0161\u013eate, ako sa najlep\u0161ie pripravi\u0165 na fotenie a \u010do si obliec\u0165, tu m\u00e1m pre v\u00e1s p\u00e1r odpor\u00fa\u010dan\u00ed. 1. Oble\u010denie vyberajte pod\u013ea typu fotografie. Ak budeme foti\u0165 biznis portr\u00e9ty, potom je vhodn\u00e9 elegantn\u00e9 seri\u00f3zne oble\u010denie. Mu\u017ei chodia \u010dasto v oblekoch, pr\u00edpadne v ko\u0161eli bez saka alebo so sakom. \u017deny si pre biznis portr\u00e9ty volia kost\u00fdm, [&hellip;]","og_url":"https:\/\/www.mattrybansky.com\/en\/blog\/2022\/03\/01\/co-si-obliect-na-fotenie\/","og_site_name":"Matt Rybansky Photography","article_published_time":"2022-03-01T17:26:06+00:00","article_modified_time":"2022-03-10T20:31:35+00:00","og_image":[{"width":1067,"height":1600,"url":"https:\/\/www.mattrybansky.com\/en\/wp-content\/uploads\/sites\/3\/2022\/02\/Matt_Rybansky_Photography_Fotograf_Bratislava_DNA_ERA_biznis_portret_business_portrait_04.jpg","type":"image\/jpeg"}],"author":"Matt","twitter_card":"summary_large_image","twitter_misc":{"Written by":"Matt","Est. reading time":"4 minutes"},"schema":{"@context":"https:\/\/schema.org","@graph":[{"@type":"WebPage","@id":"https:\/\/www.mattrybansky.com\/en\/blog\/2022\/03\/01\/co-si-obliect-na-fotenie\/","url":"https:\/\/www.mattrybansky.com\/en\/blog\/2022\/03\/01\/co-si-obliect-na-fotenie\/","name":"\u010co si obliec\u0165 na fotenie? - Matt Rybansky Photography","isPartOf":{"@id":"https:\/\/www.mattrybansky.com\/en\/#website"},"datePublished":"2022-03-01T17:26:06+00:00","dateModified":"2022-03-10T20:31:35+00:00","author":{"@id":"https:\/\/www.mattrybansky.com\/en\/#\/schema\/person\/f4af50752736bf4cfc2f6668ef4cad80"},"breadcrumb":{"@id":"https:\/\/www.mattrybansky.com\/en\/blog\/2022\/03\/01\/co-si-obliect-na-fotenie\/#breadcrumb"},"inLanguage":"en-US","potentialAction":[{"@type":"ReadAction","target":["https:\/\/www.mattrybansky.com\/en\/blog\/2022\/03\/01\/co-si-obliect-na-fotenie\/"]}]},{"@type":"BreadcrumbList","@id":"https:\/\/www.mattrybansky.com\/en\/blog\/2022\/03\/01\/co-si-obliect-na-fotenie\/#breadcrumb","itemListElement":[{"@type":"ListItem","position":1,"name":"Domovsk\u00e1 str\u00e1nka","item":"https:\/\/www.mattrybansky.com\/en\/"},{"@type":"ListItem","position":2,"name":"\u010co si obliec\u0165 na fotenie?"}]},{"@type":"WebSite","@id":"https:\/\/www.mattrybansky.com\/en\/#website","url":"https:\/\/www.mattrybansky.com\/en\/","name":"Matt Rybansky Photography","description":"Professional photographer Bratislava","potentialAction":[{"@type":"SearchAction","target":{"@type":"EntryPoint","urlTemplate":"https:\/\/www.mattrybansky.com\/en\/?s={search_term_string}"},"query-input":"required name=search_term_string"}],"inLanguage":"en-US"},{"@type":"Person","@id":"https:\/\/www.mattrybansky.com\/en\/#\/schema\/person\/f4af50752736bf4cfc2f6668ef4cad80","name":"Matt","image":{"@type":"ImageObject","inLanguage":"en-US","@id":"https:\/\/www.mattrybansky.com\/en\/#\/schema\/person\/image\/","url":"https:\/\/secure.gravatar.com\/avatar\/b96f64bc869dc42ca2159e6a182048d6?s=96&d=mm&r=g","contentUrl":"https:\/\/secure.gravatar.com\/avatar\/b96f64bc869dc42ca2159e6a182048d6?s=96&d=mm&r=g","caption":"Matt"},"sameAs":["https:\/\/www.mattrybansky.com"],"url":"https:\/\/www.mattrybansky.com\/en\/blog\/author\/matt\/"}]}},"jetpack_featured_media_url":"https:\/\/www.mattrybansky.com\/en\/wp-content\/uploads\/sites\/3\/2022\/02\/Matt_Rybansky_Photography_Fotograf_Bratislava_DNA_ERA_biznis_portret_business_portrait_04.jpg","_links":{"self":[{"href":"https:\/\/www.mattrybansky.com\/en\/wp-json\/wp\/v2\/posts\/222"}],"collection":[{"href":"https:\/\/www.mattrybansky.com\/en\/wp-json\/wp\/v2\/posts"}],"about":[{"href":"https:\/\/www.mattrybansky.com\/en\/wp-json\/wp\/v2\/types\/post"}],"author":[{"embeddable":true,"href":"https:\/\/www.mattrybansky.com\/en\/wp-json\/wp\/v2\/users\/3"}],"replies":[{"embeddable":true,"href":"https:\/\/www.mattrybansky.com\/en\/wp-json\/wp\/v2\/comments?post=222"}],"version-history":[{"count":3,"href":"https:\/\/www.mattrybansky.com\/en\/wp-json\/wp\/v2\/posts\/222\/revisions"}],"predecessor-version":[{"id":783,"href":"https:\/\/www.mattrybansky.com\/en\/wp-json\/wp\/v2\/posts\/222\/revisions\/783"}],"wp:featuredmedia":[{"embeddable":true,"href":"https:\/\/www.mattrybansky.com\/en\/wp-json\/wp\/v2\/media\/123"}],"wp:attachment":[{"href":"https:\/\/www.mattrybansky.com\/en\/wp-json\/wp\/v2\/media?parent=222"}],"wp:term":[{"taxonomy":"category","embeddable":true,"href":"https:\/\/www.mattrybansky.com\/en\/wp-json\/wp\/v2\/categories?post=222"},{"taxonomy":"post_tag","embeddable":true,"href":"https:\/\/www.mattrybansky.com\/en\/wp-json\/wp\/v2\/tags?post=222"}],"curies":[{"name":"wp","href":"https:\/\/api.w.org\/{rel}","templated":true}]}}